{"id":3542,"date":"2025-03-14T12:06:50","date_gmt":"2025-03-14T12:06:50","guid":{"rendered":"https:\/\/gaisabalons.lv\/?p=3542"},"modified":"2025-03-14T12:16:16","modified_gmt":"2025-03-14T12:16:16","slug":"kapec-mes-gaisabalons-lv-atzimejam-11-martu-un-pateicamies-pavestam-leo-x","status":"publish","type":"post","link":"https:\/\/gaisabalons.lv\/lv\/pilota-pieraksti\/kapec-mes-gaisabalons-lv-atzimejam-11-martu-un-pateicamies-pavestam-leo-x\/","title":{"rendered":"K\u0101p\u0113c m\u0113s Gaisabalons.lv atz\u012bm\u0113jam 11. martu un pateicamies p\u0101vestam Leo X?"},"content":{"rendered":"<p data-start=\"79\" data-end=\"342\">L\u012bdz\u012bgi, k\u0101 citi svin dzim\u0161anas dienas vai Lieldienas, m\u0113s <strong data-start=\"132\" data-end=\"150\">Gaisabalons.lv<\/strong> atz\u012bm\u0113jam <strong data-start=\"161\" data-end=\"174\">11. martu<\/strong> \u2013 dienu, kad <strong data-start=\"188\" data-end=\"202\">1513. gad\u0101<\/strong> par p\u0101vestu k\u013cuva 1513. gada 9. marta kardin\u0101lu kol\u0113\u0123ij\u0101 izv\u0113l\u0113tais <strong data-start=\"221\" data-end=\"230\">Leo X<\/strong>. K\u0101p\u0113c? Tap\u0113c, ka\u00a0 vi\u0146a kron\u0113\u0161anas laik\u0101 <strong data-start=\"267\" data-end=\"339\">debes\u012bs virs Vatik\u0101na esot pac\u0113lu\u0161\u0101s ar karsto gaisu pild\u012btas sv\u0113to f<\/strong><strong style=\"font-family: -apple-system, BlinkMacSystemFont, 'Segoe UI', Roboto, 'Helvetica Neue', Arial, 'Noto Sans', sans-serif, 'Apple Color Emoji', 'Segoe UI Emoji', 'Segoe UI Symbol', 'Noto Color Emoji';\" data-start=\"267\" data-end=\"339\">ig\u016bras<\/strong><span style=\"font-family: -apple-system, BlinkMacSystemFont, 'Segoe UI', Roboto, 'Helvetica Neue', Arial, 'Noto Sans', sans-serif, 'Apple Color Emoji', 'Segoe UI Emoji', 'Segoe UI Symbol', 'Noto Color Emoji';\">!<\/span><\/p>\n<p data-start=\"344\" data-end=\"655\"><img fetchpriority=\"high\" decoding=\"async\" class=\"alignnone size-medium wp-image-3543\" style=\"font-family: -apple-system, BlinkMacSystemFont, 'Segoe UI', Roboto, 'Helvetica Neue', Arial, 'Noto Sans', sans-serif, 'Apple Color Emoji', 'Segoe UI Emoji', 'Segoe UI Symbol', 'Noto Color Emoji';\" src=\"https:\/\/gaisabalons.lv\/wp-content\/uploads\/2025\/03\/IMG_4878-225x300.jpeg\" alt=\"\" width=\"225\" height=\"300\" srcset=\"https:\/\/gaisabalons.lv\/wp-content\/uploads\/2025\/03\/IMG_4878-225x300.jpeg 225w, https:\/\/gaisabalons.lv\/wp-content\/uploads\/2025\/03\/IMG_4878-768x1024.jpeg 768w, https:\/\/gaisabalons.lv\/wp-content\/uploads\/2025\/03\/IMG_4878-1152x1536.jpeg 1152w, https:\/\/gaisabalons.lv\/wp-content\/uploads\/2025\/03\/IMG_4878-1536x2048.jpeg 1536w, https:\/\/gaisabalons.lv\/wp-content\/uploads\/2025\/03\/IMG_4878-600x800.jpeg 600w, https:\/\/gaisabalons.lv\/wp-content\/uploads\/2025\/03\/IMG_4878-scaled.jpeg 1920w\" sizes=\"(max-width: 225px) 100vw, 225px\" \/><\/p>\n<p data-start=\"344\" data-end=\"655\">Kas t\u0101s tur, debes\u012bs,nog\u0101d\u0101ja? <span style=\"font-family: -apple-system, BlinkMacSystemFont, 'Segoe UI', Roboto, 'Helvetica Neue', Arial, 'Noto Sans', sans-serif, 'Apple Color Emoji', 'Segoe UI Emoji', 'Segoe UI Symbol', 'Noto Color Emoji';\">Ofici\u0101lie Vatik\u0101na arh\u012bvi klus\u0113, ta\u010du v\u0113stures entuziasti<\/span><strong style=\"font-family: -apple-system, BlinkMacSystemFont, 'Segoe UI', Roboto, 'Helvetica Neue', Arial, 'Noto Sans', sans-serif, 'Apple Color Emoji', 'Segoe UI Emoji', 'Segoe UI Symbol', 'Noto Color Emoji';\" data-start=\"393\" data-end=\"432\"> nor\u0101da uz p\u0101vesta laikabiedru &#8211;\u00a0<\/strong><strong data-start=\"393\" data-end=\"432\">Leonardo da V<\/strong><strong style=\"font-family: -apple-system, BlinkMacSystemFont, 'Segoe UI', Roboto, 'Helvetica Neue', Arial, 'Noto Sans', sans-serif, 'Apple Color Emoji', 'Segoe UI Emoji', 'Segoe UI Symbol', 'Noto Color Emoji';\" data-start=\"393\" data-end=\"432\">in\u010di<\/strong><span style=\"font-family: -apple-system, BlinkMacSystemFont, 'Segoe UI', Roboto, 'Helvetica Neue', Arial, 'Noto Sans', sans-serif, 'Apple Color Emoji', 'Segoe UI Emoji', 'Segoe UI Symbol', 'Noto Color Emoji';\">, kur\u0161 savos skic\u0113jumos jau sen bija aps\u0113sts ar lidojuma ideju. Vai t\u0101s bija vi\u0146a konstru\u0113tas pirm\u0101s karst\u0101 gaisa fig\u016bras? Iesp\u0113jams! Un ja t\u0101 \u2013 tad <\/span><strong style=\"font-family: -apple-system, BlinkMacSystemFont, 'Segoe UI', Roboto, 'Helvetica Neue', Arial, 'Noto Sans', sans-serif, 'Apple Color Emoji', 'Segoe UI Emoji', 'Segoe UI Symbol', 'Noto Color Emoji';\" data-start=\"581\" data-end=\"653\">pirmie karst\u0101 gaisa balona lidojumi notika 270 gadus pirms br\u0101\u013ciem Montgolfj\u0113!<\/strong><\/p>\n<p data-start=\"657\" data-end=\"876\"><strong data-start=\"671\" data-end=\"800\">Leo X saprata, ka gais\u0101pacel\u0161an\u0101s un debessbrauk\u0161ana \u2013 vai t\u0101 b\u016btu sv\u0113t\u0101 fig\u016bra, e\u0146\u0123elis vai laim\u012bgs pasa\u017eieris gaisa balon\u0101 \u2013 ir burv\u012bgs skats<\/strong>. T\u0101p\u0113c \u0161odien m\u0113s vi\u0146am sak\u0101m <strong data-start=\"831\" data-end=\"842\">paldies !<\/strong><\/p>\n<p data-start=\"878\" data-end=\"1000\">Ja nu \u0161odien debes\u012bs paman\u012bsiet k\u0101du lidojo\u0161u sv\u0113to \u2013 neuztraucieties.<strong data-start=\"946\" data-end=\"998\">Tas ir vai nu dievi\u0161\u0137s br\u012bnums\u2026 vai m\u016bsu balons!<\/strong><\/p>\n<p data-start=\"1002\" data-end=\"1055\" data-is-last-node=\"\" data-is-only-node=\"\"><strong data-start=\"1002\" data-end=\"1024\">Uz tik\u0161anos aug\u0161\u0101!<\/strong><br data-start=\"1024\" data-end=\"1027\" \/><strong data-start=\"1027\" data-end=\"1055\" data-is-last-node=\"\">\u2013 Gaisabalons.lv komanda<\/strong><\/p>\n","protected":false},"excerpt":{"rendered":"<p>L\u012bdz\u012bgi, k\u0101 citi svin dzim\u0161anas dienas vai Lieldienas, m\u0113s Gaisabalons.lv atz\u012bm\u0113jam 11. martu \u2013 dienu, kad 1513. gad\u0101 par p\u0101vestu k\u013cuva 1513. gada 9. marta kardin\u0101lu kol\u0113\u0123ij\u0101 izv\u0113l\u0113tais Leo X. K\u0101p\u0113c? Tap\u0113c, ka\u00a0 vi\u0146a kron\u0113\u0161anas laik\u0101 debes\u012bs virs Vatik\u0101na esot pac\u0113lu\u0161\u0101s ar karsto gaisu pild\u012btas sv\u0113to fig\u016bras! Kas t\u0101s tur, debes\u012bs,nog\u0101d\u0101ja? Ofici\u0101lie Vatik\u0101na arh\u012bvi klus\u0113, [&hellip;]<\/p>\n","protected":false},"author":1,"featured_media":3539,"comment_status":"open","ping_status":"open","sticky":false,"template":"","format":"standard","meta":{"_acf_changed":false,"iawp_total_views":54,"footnotes":""},"categories":[1],"tags":[],"class_list":["post-3542","post","type-post","status-publish","format-standard","has-post-thumbnail","hentry","category-pilota-pieraksti"],"acf":[],"_links":{"self":[{"href":"https:\/\/gaisabalons.lv\/lv\/wp-json\/wp\/v2\/posts\/3542","targetHints":{"allow":["GET"]}}],"collection":[{"href":"https:\/\/gaisabalons.lv\/lv\/wp-json\/wp\/v2\/posts"}],"about":[{"href":"https:\/\/gaisabalons.lv\/lv\/wp-json\/wp\/v2\/types\/post"}],"author":[{"embeddable":true,"href":"https:\/\/gaisabalons.lv\/lv\/wp-json\/wp\/v2\/users\/1"}],"replies":[{"embeddable":true,"href":"https:\/\/gaisabalons.lv\/lv\/wp-json\/wp\/v2\/comments?post=3542"}],"version-history":[{"count":5,"href":"https:\/\/gaisabalons.lv\/lv\/wp-json\/wp\/v2\/posts\/3542\/revisions"}],"predecessor-version":[{"id":3558,"href":"https:\/\/gaisabalons.lv\/lv\/wp-json\/wp\/v2\/posts\/3542\/revisions\/3558"}],"wp:featuredmedia":[{"embeddable":true,"href":"https:\/\/gaisabalons.lv\/lv\/wp-json\/wp\/v2\/media\/3539"}],"wp:attachment":[{"href":"https:\/\/gaisabalons.lv\/lv\/wp-json\/wp\/v2\/media?parent=3542"}],"wp:term":[{"taxonomy":"category","embeddable":true,"href":"https:\/\/gaisabalons.lv\/lv\/wp-json\/wp\/v2\/categories?post=3542"},{"taxonomy":"post_tag","embeddable":true,"href":"https:\/\/gaisabalons.lv\/lv\/wp-json\/wp\/v2\/tags?post=3542"}],"curies":[{"name":"wp","href":"https:\/\/api.w.org\/{rel}","templated":true}]}}